{"id":223017,"date":"2022-11-13T10:55:04","date_gmt":"2022-11-13T10:55:04","guid":{"rendered":"https:\/\/somsuport.cat\/?p=223017"},"modified":"2022-11-13T10:59:49","modified_gmt":"2022-11-13T10:59:49","slug":"voluntari-per-fer-acompanyament-a-un-jove-en-sortides-en-mountain-bike","status":"publish","type":"post","link":"https:\/\/somsuport.cat\/es\/voluntari-per-fer-acompanyament-a-un-jove-en-sortides-en-mountain-bike\/","title":{"rendered":"Voluntari per fer acompanyament a un jove en sortides en Mountain Bike"},"content":{"rendered":"<p>[et_pb_section fb_built=\u00bb1&#8243; _builder_version=\u00bb4.16&#8243; global_colors_info=\u00bb{}\u00bb][et_pb_row _builder_version=\u00bb4.16&#8243; background_size=\u00bbinitial\u00bb background_position=\u00bbtop_left\u00bb background_repeat=\u00bbrepeat\u00bb global_colors_info=\u00bb{}\u00bb][et_pb_column type=\u00bb4_4&#8243; _builder_version=\u00bb4.16&#8243; custom_padding=\u00bb|||\u00bb global_colors_info=\u00bb{}\u00bb custom_padding__hover=\u00bb|||\u00bb][et_pb_text _builder_version=\u00bb4.16&#8243; background_size=\u00bbinitial\u00bb background_position=\u00bbtop_left\u00bb background_repeat=\u00bbrepeat\u00bb global_colors_info=\u00bb{}\u00bb]<!-- divi:paragraph --><\/p>\n<h2>Data de l&#8217;actuaci\u00f3<\/h2>\n<p><b>Tipus de Crida:<span>\u00a0<\/span><\/b><span>Peri\u00f2dica<\/span><br \/><span>Tot el curs<\/span><\/p>\n<h2>Tipus d&#8217;usuari<\/h2>\n<p><span>Persones amb discapacitat<\/span><\/p>\n<p><span><\/span><\/p>\n<h2>\u00c0mbit d&#8217;actuaci\u00f3<\/h2>\n<p><span>Social<\/span><\/p>\n<p><span><\/span><\/p>\n<h2>Descripci\u00f3 de l&#8217;activitat<\/h2>\n<p>Necessitem<b><span>\u00a0<\/span><\/b>un voluntari mascul\u00ed que acompanyi al Lu\u00eds Alberto, de 26 anys, de complexitat atl\u00e8tica i amb molta energia, a fer circuits en bici per les rodalies de Sabadell.<br \/>Li agrada molt l&#8217;esport i estar a l&#8217;aire lliure.<\/p>\n<p>&nbsp;<\/p>\n<h2>Perfil voluntariat<\/h2>\n<p>Major de divuit anys<b>,<\/b><span>\u00a0<\/span>amb<b><span>\u00a0<\/span><\/b>complexitat forta, acostumat a fer sortides amb bici i que conegui diferents itineratis i rutes de dificultat baixa.<br \/>Persona compromesa, interessada, amb destre\u00e7a i sensibilitzada amb el colectiu i el m\u00f3n de la diversitat funcional.<\/p>\n<p><b><\/b><\/p>\n<p>CONTACTE:\u00a0<b><\/b><\/p>\n<p><b>Tel\u00e8fon:<span>\u00a0<\/span><\/b><span>691935398<\/span><br \/><b>Email:<span>\u00a0<\/span><\/b><span id=\"cloak49338e1fc406de8548558a6faa393985\"><a href=\"mailto:eduard@familiaisocietat.cat\">eduard@familiaisocietat.cat, info@somsuport.cat<\/a><\/span><br \/><b>Facebook:<span>\u00a0<\/span><\/b><a target=\"_blank\" title=\"Anar a Facebook\" alt=\"Anar a Facebook\" href=\"https:\/\/www.facebook.com\/familiaisocietat\/\" rel=\"noopener\">https:\/\/www.facebook.com\/familiaisocietat\/<\/a><br \/><b>Lloc:<span>\u00a0<\/span><\/b><span>Sabadell<\/span><\/p>\n<p>&nbsp;<\/p>\n<p>&nbsp;<\/p>\n<p>&nbsp;<\/p>\n<p>&nbsp;<\/p>\n<p>&nbsp;<\/p>\n<p>&nbsp;<\/p>\n<p>&nbsp;<\/p>\n<p>&nbsp;<\/p>\n<p>&nbsp;<\/p>\n<p>&nbsp;<\/p>\n<p>&nbsp;<\/p>\n<p><!-- \/divi:paragraph -->[\/et_pb_text][\/et_pb_column][\/et_pb_row][\/et_pb_section]<\/p>\n","protected":false},"excerpt":{"rendered":"<p>Data de l&#8217;actuaci\u00f3 Tipus de Crida:\u00a0Peri\u00f2dicaTot el curs Tipus d&#8217;usuari Persones amb discapacitat \u00c0mbit d&#8217;actuaci\u00f3 Social Descripci\u00f3 de l&#8217;activitat Necessitem\u00a0un voluntari mascul\u00ed que acompanyi al Lu\u00eds Alberto, de 26 anys, de complexitat atl\u00e8tica i amb molta energia, a fer circuits en bici per les rodalies de Sabadell.Li agrada molt l&#8217;esport i estar a l&#8217;aire lliure. [&hellip;]<\/p>\n","protected":false},"author":1,"featured_media":223019,"comment_status":"closed","ping_status":"closed","sticky":false,"template":"","format":"standard","meta":{"_et_pb_use_builder":"on","_et_pb_old_content":"<!-- wp:paragraph -->\n<p>Vam apostar per la musicoter\u00e0pia, perqu\u00e8 esdevenia una disciplina que facilitava un increment de la qualitat de vida de les persones que acompanyem.<\/p>\n<!-- \/wp:paragraph -->\n\n<!-- wp:paragraph -->\n<p>Algunes d\u2019elles han patit la exclusi\u00f3 social o encara la pateixen, tenen dificultats a l\u2019acc\u00e9s a una llar en condicions. Pateixen entrebancs per viure la riquesa del teixit sociocultural o sobreviuen amb greuges en la seva salut.<\/p>\n<!-- \/wp:paragraph -->\n\n<!-- wp:paragraph -->\n<p>I sovint, malgrat les esfor\u00e7os no arribem a poder millorar el seu benestar, perqu\u00e8 els recursos existents per aquest objectiu s\u00f3n insuficients. La oportunitat de poder realitzar musicoter\u00e0pia ens ha perm\u00e8s assolir un boc\u00ed d\u2019aquesta qualitat i d\u2019aquest benestar.<br>Poder obrir una petita esquerda que animi a seguir endavant i continuar somniant cap a al fita que es vulgui arribar.<\/p>\n<!-- \/wp:paragraph -->","_et_gb_content_width":"882","footnotes":""},"categories":[10],"tags":[],"class_list":["post-223017","post","type-post","status-publish","format-standard","has-post-thumbnail","hentry","category-voluntariat"],"yoast_head":"<!-- This site is optimized with the Yoast SEO plugin v25.5 - https:\/\/yoast.com\/wordpress\/plugins\/seo\/ -->\n<title>Voluntari per fer acompanyament a un jove en sortides en Mountain Bike - Som Suport Fundaci\u00f3<\/title>\n<meta name=\"robots\" content=\"index, follow, max-snippet:-1, max-image-preview:large, max-video-preview:-1\" \/>\n<link rel=\"canonical\" href=\"https:\/\/somsuport.cat\/es\/voluntari-per-fer-acompanyament-a-un-jove-en-sortides-en-mountain-bike\/\" \/>\n<meta property=\"og:locale\" content=\"es_ES\" \/>\n<meta property=\"og:type\" content=\"article\" \/>\n<meta property=\"og:title\" content=\"Voluntari per fer acompanyament a un jove en sortides en Mountain Bike - Som Suport Fundaci\u00f3\" \/>\n<meta property=\"og:description\" content=\"Data de l&#039;actuaci\u00f3 Tipus de Crida:\u00a0Peri\u00f2dicaTot el curs Tipus d&#039;usuari Persones amb discapacitat \u00c0mbit d&#039;actuaci\u00f3 Social Descripci\u00f3 de l&#039;activitat Necessitem\u00a0un voluntari mascul\u00ed que acompanyi al Lu\u00eds Alberto, de 26 anys, de complexitat atl\u00e8tica i amb molta energia, a fer circuits en bici per les rodalies de Sabadell.Li agrada molt l&#039;esport i estar a l&#039;aire lliure. [&hellip;]\" \/>\n<meta property=\"og:url\" content=\"https:\/\/somsuport.cat\/es\/voluntari-per-fer-acompanyament-a-un-jove-en-sortides-en-mountain-bike\/\" \/>\n<meta property=\"og:site_name\" content=\"Som Suport Fundaci\u00f3\" \/>\n<meta property=\"article:publisher\" content=\"https:\/\/www.facebook.com\/somsuportfundacio\" \/>\n<meta property=\"article:published_time\" content=\"2022-11-13T10:55:04+00:00\" \/>\n<meta property=\"article:modified_time\" content=\"2022-11-13T10:59:49+00:00\" \/>\n<meta property=\"og:image\" content=\"https:\/\/somsuport.cat\/wp-content\/uploads\/2022\/11\/MountainBike.jpg\" \/>\n\t<meta property=\"og:image:width\" content=\"1920\" \/>\n\t<meta property=\"og:image:height\" content=\"1280\" \/>\n\t<meta property=\"og:image:type\" content=\"image\/jpeg\" \/>\n<meta name=\"author\" content=\"SomSuport\" \/>\n<meta name=\"twitter:card\" content=\"summary_large_image\" \/>\n<meta name=\"twitter:label1\" content=\"Escrito por\" \/>\n\t<meta name=\"twitter:data1\" content=\"SomSuport\" \/>\n\t<meta name=\"twitter:label2\" content=\"Tiempo de lectura\" \/>\n\t<meta name=\"twitter:data2\" content=\"1 minuto\" \/>\n<script type=\"application\/ld+json\" class=\"yoast-schema-graph\">{\"@context\":\"https:\/\/schema.org\",\"@graph\":[{\"@type\":\"Article\",\"@id\":\"https:\/\/somsuport.cat\/es\/voluntari-per-fer-acompanyament-a-un-jove-en-sortides-en-mountain-bike\/#article\",\"isPartOf\":{\"@id\":\"https:\/\/somsuport.cat\/es\/voluntari-per-fer-acompanyament-a-un-jove-en-sortides-en-mountain-bike\/\"},\"author\":{\"name\":\"SomSuport\",\"@id\":\"https:\/\/somsuport.cat\/es\/#\/schema\/person\/02fcfdabe1b4f10e41c980dee467c9a3\"},\"headline\":\"Voluntari per fer acompanyament a un jove en sortides en Mountain Bike\",\"datePublished\":\"2022-11-13T10:55:04+00:00\",\"dateModified\":\"2022-11-13T10:59:49+00:00\",\"mainEntityOfPage\":{\"@id\":\"https:\/\/somsuport.cat\/es\/voluntari-per-fer-acompanyament-a-un-jove-en-sortides-en-mountain-bike\/\"},\"wordCount\":219,\"publisher\":{\"@id\":\"https:\/\/somsuport.cat\/es\/#organization\"},\"image\":{\"@id\":\"https:\/\/somsuport.cat\/es\/voluntari-per-fer-acompanyament-a-un-jove-en-sortides-en-mountain-bike\/#primaryimage\"},\"thumbnailUrl\":\"https:\/\/somsuport.cat\/wp-content\/uploads\/2022\/11\/MountainBike.jpg\",\"articleSection\":[\"Voluntariat\"],\"inLanguage\":\"es\"},{\"@type\":\"WebPage\",\"@id\":\"https:\/\/somsuport.cat\/es\/voluntari-per-fer-acompanyament-a-un-jove-en-sortides-en-mountain-bike\/\",\"url\":\"https:\/\/somsuport.cat\/es\/voluntari-per-fer-acompanyament-a-un-jove-en-sortides-en-mountain-bike\/\",\"name\":\"Voluntari per fer acompanyament a un jove en sortides en Mountain Bike - Som Suport Fundaci\u00f3\",\"isPartOf\":{\"@id\":\"https:\/\/somsuport.cat\/es\/#website\"},\"primaryImageOfPage\":{\"@id\":\"https:\/\/somsuport.cat\/es\/voluntari-per-fer-acompanyament-a-un-jove-en-sortides-en-mountain-bike\/#primaryimage\"},\"image\":{\"@id\":\"https:\/\/somsuport.cat\/es\/voluntari-per-fer-acompanyament-a-un-jove-en-sortides-en-mountain-bike\/#primaryimage\"},\"thumbnailUrl\":\"https:\/\/somsuport.cat\/wp-content\/uploads\/2022\/11\/MountainBike.jpg\",\"datePublished\":\"2022-11-13T10:55:04+00:00\",\"dateModified\":\"2022-11-13T10:59:49+00:00\",\"breadcrumb\":{\"@id\":\"https:\/\/somsuport.cat\/es\/voluntari-per-fer-acompanyament-a-un-jove-en-sortides-en-mountain-bike\/#breadcrumb\"},\"inLanguage\":\"es\",\"potentialAction\":[{\"@type\":\"ReadAction\",\"target\":[\"https:\/\/somsuport.cat\/es\/voluntari-per-fer-acompanyament-a-un-jove-en-sortides-en-mountain-bike\/\"]}]},{\"@type\":\"ImageObject\",\"inLanguage\":\"es\",\"@id\":\"https:\/\/somsuport.cat\/es\/voluntari-per-fer-acompanyament-a-un-jove-en-sortides-en-mountain-bike\/#primaryimage\",\"url\":\"https:\/\/somsuport.cat\/wp-content\/uploads\/2022\/11\/MountainBike.jpg\",\"contentUrl\":\"https:\/\/somsuport.cat\/wp-content\/uploads\/2022\/11\/MountainBike.jpg\",\"width\":1500,\"height\":1000},{\"@type\":\"BreadcrumbList\",\"@id\":\"https:\/\/somsuport.cat\/es\/voluntari-per-fer-acompanyament-a-un-jove-en-sortides-en-mountain-bike\/#breadcrumb\",\"itemListElement\":[{\"@type\":\"ListItem\",\"position\":1,\"name\":\"Inici\",\"item\":\"https:\/\/somsuport.cat\/es\/\"},{\"@type\":\"ListItem\",\"position\":2,\"name\":\"Voluntari per fer acompanyament a un jove en sortides en Mountain Bike\"}]},{\"@type\":\"WebSite\",\"@id\":\"https:\/\/somsuport.cat\/es\/#website\",\"url\":\"https:\/\/somsuport.cat\/es\/\",\"name\":\"Som Suport Fundaci\u00f3\",\"description\":\"Donem suport a les persones amb discapacitat intel\u00b7lectual\",\"publisher\":{\"@id\":\"https:\/\/somsuport.cat\/es\/#organization\"},\"potentialAction\":[{\"@type\":\"SearchAction\",\"target\":{\"@type\":\"EntryPoint\",\"urlTemplate\":\"https:\/\/somsuport.cat\/es\/?s={search_term_string}\"},\"query-input\":{\"@type\":\"PropertyValueSpecification\",\"valueRequired\":true,\"valueName\":\"search_term_string\"}}],\"inLanguage\":\"es\"},{\"@type\":\"Organization\",\"@id\":\"https:\/\/somsuport.cat\/es\/#organization\",\"name\":\"Som Suport Fundaci\u00f3\",\"alternateName\":\"Som SUport\",\"url\":\"https:\/\/somsuport.cat\/es\/\",\"logo\":{\"@type\":\"ImageObject\",\"inLanguage\":\"es\",\"@id\":\"https:\/\/somsuport.cat\/es\/#\/schema\/logo\/image\/\",\"url\":\"https:\/\/somsuport.cat\/wp-content\/uploads\/2022\/05\/image001.png\",\"contentUrl\":\"https:\/\/somsuport.cat\/wp-content\/uploads\/2022\/05\/image001.png\",\"width\":615,\"height\":350,\"caption\":\"Som Suport Fundaci\u00f3\"},\"image\":{\"@id\":\"https:\/\/somsuport.cat\/es\/#\/schema\/logo\/image\/\"},\"sameAs\":[\"https:\/\/www.facebook.com\/somsuportfundacio\",\"https:\/\/www.instagram.com\/somsuportfundacio\",\"https:\/\/www.linkedin.com\/company\/somsuportfundacio\"]},{\"@type\":\"Person\",\"@id\":\"https:\/\/somsuport.cat\/es\/#\/schema\/person\/02fcfdabe1b4f10e41c980dee467c9a3\",\"name\":\"SomSuport\",\"image\":{\"@type\":\"ImageObject\",\"inLanguage\":\"es\",\"@id\":\"https:\/\/somsuport.cat\/es\/#\/schema\/person\/image\/\",\"url\":\"https:\/\/secure.gravatar.com\/avatar\/58beeeba727ab91fffac2d756edd2d155675c2002fdd4b73e908d48e52578ad5?s=96&d=mm&r=g\",\"contentUrl\":\"https:\/\/secure.gravatar.com\/avatar\/58beeeba727ab91fffac2d756edd2d155675c2002fdd4b73e908d48e52578ad5?s=96&d=mm&r=g\",\"caption\":\"SomSuport\"},\"sameAs\":[\"https:\/\/somsuport.cat\"],\"url\":\"https:\/\/somsuport.cat\/es\/author\/somsuport\/\"}]}<\/script>\n<!-- \/ Yoast SEO plugin. -->","yoast_head_json":{"title":"Voluntari per fer acompanyament a un jove en sortides en Mountain Bike - Som Suport Fundaci\u00f3","robots":{"index":"index","follow":"follow","max-snippet":"max-snippet:-1","max-image-preview":"max-image-preview:large","max-video-preview":"max-video-preview:-1"},"canonical":"https:\/\/somsuport.cat\/es\/voluntari-per-fer-acompanyament-a-un-jove-en-sortides-en-mountain-bike\/","og_locale":"es_ES","og_type":"article","og_title":"Voluntari per fer acompanyament a un jove en sortides en Mountain Bike - Som Suport Fundaci\u00f3","og_description":"Data de l'actuaci\u00f3 Tipus de Crida:\u00a0Peri\u00f2dicaTot el curs Tipus d'usuari Persones amb discapacitat \u00c0mbit d'actuaci\u00f3 Social Descripci\u00f3 de l'activitat Necessitem\u00a0un voluntari mascul\u00ed que acompanyi al Lu\u00eds Alberto, de 26 anys, de complexitat atl\u00e8tica i amb molta energia, a fer circuits en bici per les rodalies de Sabadell.Li agrada molt l'esport i estar a l'aire lliure. [&hellip;]","og_url":"https:\/\/somsuport.cat\/es\/voluntari-per-fer-acompanyament-a-un-jove-en-sortides-en-mountain-bike\/","og_site_name":"Som Suport Fundaci\u00f3","article_publisher":"https:\/\/www.facebook.com\/somsuportfundacio","article_published_time":"2022-11-13T10:55:04+00:00","article_modified_time":"2022-11-13T10:59:49+00:00","og_image":[{"width":1920,"height":1280,"url":"https:\/\/somsuport.cat\/wp-content\/uploads\/2022\/11\/MountainBike.jpg","type":"image\/jpeg"}],"author":"SomSuport","twitter_card":"summary_large_image","twitter_misc":{"Escrito por":"SomSuport","Tiempo de lectura":"1 minuto"},"schema":{"@context":"https:\/\/schema.org","@graph":[{"@type":"Article","@id":"https:\/\/somsuport.cat\/es\/voluntari-per-fer-acompanyament-a-un-jove-en-sortides-en-mountain-bike\/#article","isPartOf":{"@id":"https:\/\/somsuport.cat\/es\/voluntari-per-fer-acompanyament-a-un-jove-en-sortides-en-mountain-bike\/"},"author":{"name":"SomSuport","@id":"https:\/\/somsuport.cat\/es\/#\/schema\/person\/02fcfdabe1b4f10e41c980dee467c9a3"},"headline":"Voluntari per fer acompanyament a un jove en sortides en Mountain Bike","datePublished":"2022-11-13T10:55:04+00:00","dateModified":"2022-11-13T10:59:49+00:00","mainEntityOfPage":{"@id":"https:\/\/somsuport.cat\/es\/voluntari-per-fer-acompanyament-a-un-jove-en-sortides-en-mountain-bike\/"},"wordCount":219,"publisher":{"@id":"https:\/\/somsuport.cat\/es\/#organization"},"image":{"@id":"https:\/\/somsuport.cat\/es\/voluntari-per-fer-acompanyament-a-un-jove-en-sortides-en-mountain-bike\/#primaryimage"},"thumbnailUrl":"https:\/\/somsuport.cat\/wp-content\/uploads\/2022\/11\/MountainBike.jpg","articleSection":["Voluntariat"],"inLanguage":"es"},{"@type":"WebPage","@id":"https:\/\/somsuport.cat\/es\/voluntari-per-fer-acompanyament-a-un-jove-en-sortides-en-mountain-bike\/","url":"https:\/\/somsuport.cat\/es\/voluntari-per-fer-acompanyament-a-un-jove-en-sortides-en-mountain-bike\/","name":"Voluntari per fer acompanyament a un jove en sortides en Mountain Bike - Som Suport Fundaci\u00f3","isPartOf":{"@id":"https:\/\/somsuport.cat\/es\/#website"},"primaryImageOfPage":{"@id":"https:\/\/somsuport.cat\/es\/voluntari-per-fer-acompanyament-a-un-jove-en-sortides-en-mountain-bike\/#primaryimage"},"image":{"@id":"https:\/\/somsuport.cat\/es\/voluntari-per-fer-acompanyament-a-un-jove-en-sortides-en-mountain-bike\/#primaryimage"},"thumbnailUrl":"https:\/\/somsuport.cat\/wp-content\/uploads\/2022\/11\/MountainBike.jpg","datePublished":"2022-11-13T10:55:04+00:00","dateModified":"2022-11-13T10:59:49+00:00","breadcrumb":{"@id":"https:\/\/somsuport.cat\/es\/voluntari-per-fer-acompanyament-a-un-jove-en-sortides-en-mountain-bike\/#breadcrumb"},"inLanguage":"es","potentialAction":[{"@type":"ReadAction","target":["https:\/\/somsuport.cat\/es\/voluntari-per-fer-acompanyament-a-un-jove-en-sortides-en-mountain-bike\/"]}]},{"@type":"ImageObject","inLanguage":"es","@id":"https:\/\/somsuport.cat\/es\/voluntari-per-fer-acompanyament-a-un-jove-en-sortides-en-mountain-bike\/#primaryimage","url":"https:\/\/somsuport.cat\/wp-content\/uploads\/2022\/11\/MountainBike.jpg","contentUrl":"https:\/\/somsuport.cat\/wp-content\/uploads\/2022\/11\/MountainBike.jpg","width":1500,"height":1000},{"@type":"BreadcrumbList","@id":"https:\/\/somsuport.cat\/es\/voluntari-per-fer-acompanyament-a-un-jove-en-sortides-en-mountain-bike\/#breadcrumb","itemListElement":[{"@type":"ListItem","position":1,"name":"Inici","item":"https:\/\/somsuport.cat\/es\/"},{"@type":"ListItem","position":2,"name":"Voluntari per fer acompanyament a un jove en sortides en Mountain Bike"}]},{"@type":"WebSite","@id":"https:\/\/somsuport.cat\/es\/#website","url":"https:\/\/somsuport.cat\/es\/","name":"Som Suport Fundaci\u00f3","description":"Donem suport a les persones amb discapacitat intel\u00b7lectual","publisher":{"@id":"https:\/\/somsuport.cat\/es\/#organization"},"potentialAction":[{"@type":"SearchAction","target":{"@type":"EntryPoint","urlTemplate":"https:\/\/somsuport.cat\/es\/?s={search_term_string}"},"query-input":{"@type":"PropertyValueSpecification","valueRequired":true,"valueName":"search_term_string"}}],"inLanguage":"es"},{"@type":"Organization","@id":"https:\/\/somsuport.cat\/es\/#organization","name":"Som Suport Fundaci\u00f3","alternateName":"Som SUport","url":"https:\/\/somsuport.cat\/es\/","logo":{"@type":"ImageObject","inLanguage":"es","@id":"https:\/\/somsuport.cat\/es\/#\/schema\/logo\/image\/","url":"https:\/\/somsuport.cat\/wp-content\/uploads\/2022\/05\/image001.png","contentUrl":"https:\/\/somsuport.cat\/wp-content\/uploads\/2022\/05\/image001.png","width":615,"height":350,"caption":"Som Suport Fundaci\u00f3"},"image":{"@id":"https:\/\/somsuport.cat\/es\/#\/schema\/logo\/image\/"},"sameAs":["https:\/\/www.facebook.com\/somsuportfundacio","https:\/\/www.instagram.com\/somsuportfundacio","https:\/\/www.linkedin.com\/company\/somsuportfundacio"]},{"@type":"Person","@id":"https:\/\/somsuport.cat\/es\/#\/schema\/person\/02fcfdabe1b4f10e41c980dee467c9a3","name":"SomSuport","image":{"@type":"ImageObject","inLanguage":"es","@id":"https:\/\/somsuport.cat\/es\/#\/schema\/person\/image\/","url":"https:\/\/secure.gravatar.com\/avatar\/58beeeba727ab91fffac2d756edd2d155675c2002fdd4b73e908d48e52578ad5?s=96&d=mm&r=g","contentUrl":"https:\/\/secure.gravatar.com\/avatar\/58beeeba727ab91fffac2d756edd2d155675c2002fdd4b73e908d48e52578ad5?s=96&d=mm&r=g","caption":"SomSuport"},"sameAs":["https:\/\/somsuport.cat"],"url":"https:\/\/somsuport.cat\/es\/author\/somsuport\/"}]}},"_links":{"self":[{"href":"https:\/\/somsuport.cat\/es\/wp-json\/wp\/v2\/posts\/223017","targetHints":{"allow":["GET"]}}],"collection":[{"href":"https:\/\/somsuport.cat\/es\/wp-json\/wp\/v2\/posts"}],"about":[{"href":"https:\/\/somsuport.cat\/es\/wp-json\/wp\/v2\/types\/post"}],"author":[{"embeddable":true,"href":"https:\/\/somsuport.cat\/es\/wp-json\/wp\/v2\/users\/1"}],"replies":[{"embeddable":true,"href":"https:\/\/somsuport.cat\/es\/wp-json\/wp\/v2\/comments?post=223017"}],"version-history":[{"count":3,"href":"https:\/\/somsuport.cat\/es\/wp-json\/wp\/v2\/posts\/223017\/revisions"}],"predecessor-version":[{"id":223021,"href":"https:\/\/somsuport.cat\/es\/wp-json\/wp\/v2\/posts\/223017\/revisions\/223021"}],"wp:featuredmedia":[{"embeddable":true,"href":"https:\/\/somsuport.cat\/es\/wp-json\/wp\/v2\/media\/223019"}],"wp:attachment":[{"href":"https:\/\/somsuport.cat\/es\/wp-json\/wp\/v2\/media?parent=223017"}],"wp:term":[{"taxonomy":"category","embeddable":true,"href":"https:\/\/somsuport.cat\/es\/wp-json\/wp\/v2\/categories?post=223017"},{"taxonomy":"post_tag","embeddable":true,"href":"https:\/\/somsuport.cat\/es\/wp-json\/wp\/v2\/tags?post=223017"}],"curies":[{"name":"wp","href":"https:\/\/api.w.org\/{rel}","templated":true}]}}