{"id":223922,"date":"2026-04-15T18:05:24","date_gmt":"2026-04-15T18:05:24","guid":{"rendered":"https:\/\/somsuport.cat\/?p=223922"},"modified":"2026-04-15T18:05:24","modified_gmt":"2026-04-15T18:05:24","slug":"fomentar-lautonomia-en-persones-amb-discapacitat-intellectual","status":"publish","type":"post","link":"https:\/\/somsuport.cat\/es\/fomentar-lautonomia-en-persones-amb-discapacitat-intellectual\/","title":{"rendered":"Fomentar l\u2019autonomia en persones amb discapacitat intel\u00b7lectual"},"content":{"rendered":"<p><span style=\"font-weight: 400;\">Des de <\/span><b>Som Suport Fundaci\u00f3<\/b><span style=\"font-weight: 400;\">, entitat social sense \u00e0nim de lucre del <\/span><b>Vall\u00e8s Occidental<\/b><span style=\"font-weight: 400;\">, treballem per promoure l\u2019<\/span><b>autonomia i els drets de les persones amb discapacitat intel\u00b7lectual<\/b><span style=\"font-weight: 400;\">. Acompanyem processos vitals des d\u2019una mirada respectuosa, oferint <\/span><b>suports personalitzats<\/b><span style=\"font-weight: 400;\"> que permeten a cada persona desenvolupar el seu projecte de vida d\u2019acord amb els seus interessos, desitjos i capacitats.<\/span><\/p>\n<p><span style=\"font-weight: 400;\">L\u2019autonomia \u00e9s un dret fonamental i una pe\u00e7a clau per afavorir la <\/span><b>qualitat de vida<\/b><span style=\"font-weight: 400;\">, el benestar emocional i la participaci\u00f3 plena en la comunitat.<\/span><\/p>\n<h3><b>L\u2019autonomia com a dret i com a proc\u00e9s<\/b><\/h3>\n<p><span style=\"font-weight: 400;\">Parlar d\u2019autonomia en l\u2019\u00e0mbit de la discapacitat intel\u00b7lectual no vol dir respondre a un model \u00fanic ni assolir determinades fites. Vol dir <\/span><b>tenir veu i capacitat de decisi\u00f3 sobre la pr\u00f2pia vida<\/b><span style=\"font-weight: 400;\">, amb els suports necessaris en cada moment.<\/span><\/p>\n<p><span style=\"font-weight: 400;\">Des de Som Suport Fundaci\u00f3 treballem des del <\/span><b>model d\u2019atenci\u00f3 centrada en la persona<\/b><span style=\"font-weight: 400;\">, reconeixent que cada projecte vital \u00e9s diferent i canviant. L\u2019autonomia no \u00e9s un objectiu tancat, sin\u00f3 un <\/span><b>proc\u00e9s flexible<\/b><span style=\"font-weight: 400;\">, que s\u2019adapta als ritmes, les necessitats i les prefer\u00e8ncies de cada persona.<\/span><\/p>\n<h3><b>El dia a dia com a espai de decisi\u00f3 i aprenentatge<\/b><\/h3>\n<p><span style=\"font-weight: 400;\">L\u2019autonomia es construeix en el dia a dia, a trav\u00e9s de <\/span><b>situacions reals de vida<\/b><span style=\"font-weight: 400;\"> on la persona pot escollir, opinar, provar i participar. Aquestes experi\u00e8ncies poden donar-se en \u00e0mbits molt diversos: la vida quotidiana, les relacions socials, l\u2019\u00fas del temps lliure, la formaci\u00f3, el treball o la conviv\u00e8ncia amb altres persones.<\/span><\/p>\n<p><span style=\"font-weight: 400;\">L\u2019important no \u00e9s l\u2019activitat en si, sin\u00f3 que la persona pugui <\/span><b>prendre decisions significatives<\/b><span style=\"font-weight: 400;\">, sentir-se escoltada i reconeguda, i tenir oportunitats per expressar qui \u00e9s i qu\u00e8 vol. Equivocar-se, canviar d\u2019opini\u00f3 o necessitar m\u00e9s suport forma part del proc\u00e9s i \u00e9s tamb\u00e9 un dret.<\/span><\/p>\n<h3><b>Suports personalitzats que acompanyen, no substitueixen<\/b><\/h3>\n<p><span style=\"font-weight: 400;\">Els <\/span><b>suports a persones amb discapacitat intel\u00b7lectual<\/b><span style=\"font-weight: 400;\"> han de ser ajustats, revisables i respectuosos amb el moment vital de cada persona. Acompanyar no \u00e9s dirigir ni substituir, sin\u00f3 <\/span><b>facilitar<\/b><span style=\"font-weight: 400;\">, oferir orientaci\u00f3 quan cal i retirar el suport quan ja no \u00e9s necessari.<\/span><\/p>\n<p><span style=\"font-weight: 400;\">Quan els suports es basen en la confian\u00e7a i el respecte, es promou una major <\/span><b>autodeterminaci\u00f3<\/b><span style=\"font-weight: 400;\">, una participaci\u00f3 social real i un millor benestar emocional. El treball coordinat entre professionals, fam\u00edlies i la pr\u00f2pia persona \u00e9s clau per garantir processos coherents i sostenibles.<\/span><\/p>\n<h3><b>Comprom\u00eds amb projectes de vida lliurement escollits<\/b><\/h3>\n<p><span style=\"font-weight: 400;\">Des de <\/span><b>Som Suport Fundaci\u00f3<\/b><span style=\"font-weight: 400;\"> apostem per una societat m\u00e9s justa i inclusiva, on les persones amb discapacitat intel\u00b7lectual puguin <\/span><b>viure, decidir i participar<\/b><span style=\"font-weight: 400;\"> en igualtat de drets. Acompanyar l\u2019autonomia \u00e9s recon\u00e8ixer la diversitat de maneres de viure i entendre que no hi ha un \u00fanic cam\u00ed v\u00e0lid.<\/span><\/p>\n<p><span style=\"font-weight: 400;\">Continuarem treballant perqu\u00e8 cada persona pugui construir el seu projecte de vida amb sentit, des del respecte, la confian\u00e7a i el comprom\u00eds amb una <\/span><b>inclusi\u00f3 real i efectiva<\/b><span style=\"font-weight: 400;\">.<\/span><\/p>\n","protected":false},"excerpt":{"rendered":"<p>Des de Som Suport Fundaci\u00f3, entitat social sense \u00e0nim de lucre del Vall\u00e8s Occidental, treballem per promoure l\u2019autonomia i els drets de les persones amb discapacitat intel\u00b7lectual. Acompanyem processos vitals des d\u2019una mirada respectuosa, oferint suports personalitzats que permeten a cada persona desenvolupar el seu projecte de vida d\u2019acord amb els seus interessos, desitjos i [&hellip;]<\/p>\n","protected":false},"author":2,"featured_media":223923,"comment_status":"open","ping_status":"open","sticky":false,"template":"","format":"standard","meta":{"_et_pb_use_builder":"","_et_pb_old_content":"","_et_gb_content_width":"","footnotes":""},"categories":[9],"tags":[],"class_list":["post-223922","post","type-post","status-publish","format-standard","has-post-thumbnail","hentry","category-som-suport"],"yoast_head":"<!-- This site is optimized with the Yoast SEO plugin v25.5 - https:\/\/yoast.com\/wordpress\/plugins\/seo\/ -->\n<title>Fomentar l\u2019autonomia en persones amb discapacitat intel\u00b7lectual - Som Suport Fundaci\u00f3<\/title>\n<meta name=\"description\" content=\"Fomentar l\u2019autonomia en persones amb discapacitat intel\u00b7lectual amb suports personalitzats i atenci\u00f3 centrada en la persona per millorar la qualitat de vida.\" \/>\n<meta name=\"robots\" content=\"index, follow, max-snippet:-1, max-image-preview:large, max-video-preview:-1\" \/>\n<link rel=\"canonical\" href=\"https:\/\/somsuport.cat\/es\/fomentar-lautonomia-en-persones-amb-discapacitat-intellectual\/\" \/>\n<meta property=\"og:locale\" content=\"es_ES\" \/>\n<meta property=\"og:type\" content=\"article\" \/>\n<meta property=\"og:title\" content=\"Fomentar l\u2019autonomia en persones amb discapacitat intel\u00b7lectual - Som Suport Fundaci\u00f3\" \/>\n<meta property=\"og:description\" content=\"Fomentar l\u2019autonomia en persones amb discapacitat intel\u00b7lectual amb suports personalitzats i atenci\u00f3 centrada en la persona per millorar la qualitat de vida.\" \/>\n<meta property=\"og:url\" content=\"https:\/\/somsuport.cat\/es\/fomentar-lautonomia-en-persones-amb-discapacitat-intellectual\/\" \/>\n<meta property=\"og:site_name\" content=\"Som Suport Fundaci\u00f3\" \/>\n<meta property=\"article:publisher\" content=\"https:\/\/www.facebook.com\/somsuportfundacio\" \/>\n<meta property=\"article:published_time\" content=\"2026-04-15T18:05:24+00:00\" \/>\n<meta property=\"og:image\" content=\"https:\/\/somsuport.cat\/wp-content\/uploads\/2026\/04\/Copia-de-Diseno-sin-titulo.png\" \/>\n\t<meta property=\"og:image:width\" content=\"1500\" \/>\n\t<meta property=\"og:image:height\" content=\"1000\" \/>\n\t<meta property=\"og:image:type\" content=\"image\/png\" \/>\n<meta name=\"author\" content=\"Xavier\" \/>\n<meta name=\"twitter:card\" content=\"summary_large_image\" \/>\n<meta name=\"twitter:label1\" content=\"Escrito por\" \/>\n\t<meta name=\"twitter:data1\" content=\"Xavier\" \/>\n\t<meta name=\"twitter:label2\" content=\"Tiempo de lectura\" \/>\n\t<meta name=\"twitter:data2\" content=\"3 minutos\" \/>\n<script type=\"application\/ld+json\" class=\"yoast-schema-graph\">{\"@context\":\"https:\/\/schema.org\",\"@graph\":[{\"@type\":\"Article\",\"@id\":\"https:\/\/somsuport.cat\/es\/fomentar-lautonomia-en-persones-amb-discapacitat-intellectual\/#article\",\"isPartOf\":{\"@id\":\"https:\/\/somsuport.cat\/es\/fomentar-lautonomia-en-persones-amb-discapacitat-intellectual\/\"},\"author\":{\"name\":\"Xavier\",\"@id\":\"https:\/\/somsuport.cat\/es\/#\/schema\/person\/92f4c784021ca826c576dc61452943b6\"},\"headline\":\"Fomentar l\u2019autonomia en persones amb discapacitat intel\u00b7lectual\",\"datePublished\":\"2026-04-15T18:05:24+00:00\",\"mainEntityOfPage\":{\"@id\":\"https:\/\/somsuport.cat\/es\/fomentar-lautonomia-en-persones-amb-discapacitat-intellectual\/\"},\"wordCount\":503,\"commentCount\":0,\"publisher\":{\"@id\":\"https:\/\/somsuport.cat\/es\/#organization\"},\"image\":{\"@id\":\"https:\/\/somsuport.cat\/es\/fomentar-lautonomia-en-persones-amb-discapacitat-intellectual\/#primaryimage\"},\"thumbnailUrl\":\"https:\/\/somsuport.cat\/wp-content\/uploads\/2026\/04\/Copia-de-Diseno-sin-titulo.png\",\"articleSection\":[\"Som Suport\"],\"inLanguage\":\"es\",\"potentialAction\":[{\"@type\":\"CommentAction\",\"name\":\"Comment\",\"target\":[\"https:\/\/somsuport.cat\/es\/fomentar-lautonomia-en-persones-amb-discapacitat-intellectual\/#respond\"]}]},{\"@type\":\"WebPage\",\"@id\":\"https:\/\/somsuport.cat\/es\/fomentar-lautonomia-en-persones-amb-discapacitat-intellectual\/\",\"url\":\"https:\/\/somsuport.cat\/es\/fomentar-lautonomia-en-persones-amb-discapacitat-intellectual\/\",\"name\":\"Fomentar l\u2019autonomia en persones amb discapacitat intel\u00b7lectual - Som Suport Fundaci\u00f3\",\"isPartOf\":{\"@id\":\"https:\/\/somsuport.cat\/es\/#website\"},\"primaryImageOfPage\":{\"@id\":\"https:\/\/somsuport.cat\/es\/fomentar-lautonomia-en-persones-amb-discapacitat-intellectual\/#primaryimage\"},\"image\":{\"@id\":\"https:\/\/somsuport.cat\/es\/fomentar-lautonomia-en-persones-amb-discapacitat-intellectual\/#primaryimage\"},\"thumbnailUrl\":\"https:\/\/somsuport.cat\/wp-content\/uploads\/2026\/04\/Copia-de-Diseno-sin-titulo.png\",\"datePublished\":\"2026-04-15T18:05:24+00:00\",\"description\":\"Fomentar l\u2019autonomia en persones amb discapacitat intel\u00b7lectual amb suports personalitzats i atenci\u00f3 centrada en la persona per millorar la qualitat de vida.\",\"breadcrumb\":{\"@id\":\"https:\/\/somsuport.cat\/es\/fomentar-lautonomia-en-persones-amb-discapacitat-intellectual\/#breadcrumb\"},\"inLanguage\":\"es\",\"potentialAction\":[{\"@type\":\"ReadAction\",\"target\":[\"https:\/\/somsuport.cat\/es\/fomentar-lautonomia-en-persones-amb-discapacitat-intellectual\/\"]}]},{\"@type\":\"ImageObject\",\"inLanguage\":\"es\",\"@id\":\"https:\/\/somsuport.cat\/es\/fomentar-lautonomia-en-persones-amb-discapacitat-intellectual\/#primaryimage\",\"url\":\"https:\/\/somsuport.cat\/wp-content\/uploads\/2026\/04\/Copia-de-Diseno-sin-titulo.png\",\"contentUrl\":\"https:\/\/somsuport.cat\/wp-content\/uploads\/2026\/04\/Copia-de-Diseno-sin-titulo.png\",\"width\":1500,\"height\":1000},{\"@type\":\"BreadcrumbList\",\"@id\":\"https:\/\/somsuport.cat\/es\/fomentar-lautonomia-en-persones-amb-discapacitat-intellectual\/#breadcrumb\",\"itemListElement\":[{\"@type\":\"ListItem\",\"position\":1,\"name\":\"Inici\",\"item\":\"https:\/\/somsuport.cat\/es\/\"},{\"@type\":\"ListItem\",\"position\":2,\"name\":\"Fomentar l\u2019autonomia en persones amb discapacitat intel\u00b7lectual\"}]},{\"@type\":\"WebSite\",\"@id\":\"https:\/\/somsuport.cat\/es\/#website\",\"url\":\"https:\/\/somsuport.cat\/es\/\",\"name\":\"Som Suport Fundaci\u00f3\",\"description\":\"Donem suport a les persones amb discapacitat intel\u00b7lectual\",\"publisher\":{\"@id\":\"https:\/\/somsuport.cat\/es\/#organization\"},\"potentialAction\":[{\"@type\":\"SearchAction\",\"target\":{\"@type\":\"EntryPoint\",\"urlTemplate\":\"https:\/\/somsuport.cat\/es\/?s={search_term_string}\"},\"query-input\":{\"@type\":\"PropertyValueSpecification\",\"valueRequired\":true,\"valueName\":\"search_term_string\"}}],\"inLanguage\":\"es\"},{\"@type\":\"Organization\",\"@id\":\"https:\/\/somsuport.cat\/es\/#organization\",\"name\":\"Som Suport Fundaci\u00f3\",\"alternateName\":\"Som SUport\",\"url\":\"https:\/\/somsuport.cat\/es\/\",\"logo\":{\"@type\":\"ImageObject\",\"inLanguage\":\"es\",\"@id\":\"https:\/\/somsuport.cat\/es\/#\/schema\/logo\/image\/\",\"url\":\"https:\/\/somsuport.cat\/wp-content\/uploads\/2022\/05\/image001.png\",\"contentUrl\":\"https:\/\/somsuport.cat\/wp-content\/uploads\/2022\/05\/image001.png\",\"width\":615,\"height\":350,\"caption\":\"Som Suport Fundaci\u00f3\"},\"image\":{\"@id\":\"https:\/\/somsuport.cat\/es\/#\/schema\/logo\/image\/\"},\"sameAs\":[\"https:\/\/www.facebook.com\/somsuportfundacio\",\"https:\/\/www.instagram.com\/somsuportfundacio\",\"https:\/\/www.linkedin.com\/company\/somsuportfundacio\"]},{\"@type\":\"Person\",\"@id\":\"https:\/\/somsuport.cat\/es\/#\/schema\/person\/92f4c784021ca826c576dc61452943b6\",\"name\":\"Xavier\",\"image\":{\"@type\":\"ImageObject\",\"inLanguage\":\"es\",\"@id\":\"https:\/\/somsuport.cat\/es\/#\/schema\/person\/image\/\",\"url\":\"https:\/\/secure.gravatar.com\/avatar\/14dc53c7f12020eedf2bd07e1a8dc5a3b358aadfda30b56b214208d43ee8b79b?s=96&d=mm&r=g\",\"contentUrl\":\"https:\/\/secure.gravatar.com\/avatar\/14dc53c7f12020eedf2bd07e1a8dc5a3b358aadfda30b56b214208d43ee8b79b?s=96&d=mm&r=g\",\"caption\":\"Xavier\"},\"url\":\"https:\/\/somsuport.cat\/es\/author\/xaviersomsuport\/\"}]}<\/script>\n<!-- \/ Yoast SEO plugin. -->","yoast_head_json":{"title":"Fomentar l\u2019autonomia en persones amb discapacitat intel\u00b7lectual - Som Suport Fundaci\u00f3","description":"Fomentar l\u2019autonomia en persones amb discapacitat intel\u00b7lectual amb suports personalitzats i atenci\u00f3 centrada en la persona per millorar la qualitat de vida.","robots":{"index":"index","follow":"follow","max-snippet":"max-snippet:-1","max-image-preview":"max-image-preview:large","max-video-preview":"max-video-preview:-1"},"canonical":"https:\/\/somsuport.cat\/es\/fomentar-lautonomia-en-persones-amb-discapacitat-intellectual\/","og_locale":"es_ES","og_type":"article","og_title":"Fomentar l\u2019autonomia en persones amb discapacitat intel\u00b7lectual - Som Suport Fundaci\u00f3","og_description":"Fomentar l\u2019autonomia en persones amb discapacitat intel\u00b7lectual amb suports personalitzats i atenci\u00f3 centrada en la persona per millorar la qualitat de vida.","og_url":"https:\/\/somsuport.cat\/es\/fomentar-lautonomia-en-persones-amb-discapacitat-intellectual\/","og_site_name":"Som Suport Fundaci\u00f3","article_publisher":"https:\/\/www.facebook.com\/somsuportfundacio","article_published_time":"2026-04-15T18:05:24+00:00","og_image":[{"width":1500,"height":1000,"url":"https:\/\/somsuport.cat\/wp-content\/uploads\/2026\/04\/Copia-de-Diseno-sin-titulo.png","type":"image\/png"}],"author":"Xavier","twitter_card":"summary_large_image","twitter_misc":{"Escrito por":"Xavier","Tiempo de lectura":"3 minutos"},"schema":{"@context":"https:\/\/schema.org","@graph":[{"@type":"Article","@id":"https:\/\/somsuport.cat\/es\/fomentar-lautonomia-en-persones-amb-discapacitat-intellectual\/#article","isPartOf":{"@id":"https:\/\/somsuport.cat\/es\/fomentar-lautonomia-en-persones-amb-discapacitat-intellectual\/"},"author":{"name":"Xavier","@id":"https:\/\/somsuport.cat\/es\/#\/schema\/person\/92f4c784021ca826c576dc61452943b6"},"headline":"Fomentar l\u2019autonomia en persones amb discapacitat intel\u00b7lectual","datePublished":"2026-04-15T18:05:24+00:00","mainEntityOfPage":{"@id":"https:\/\/somsuport.cat\/es\/fomentar-lautonomia-en-persones-amb-discapacitat-intellectual\/"},"wordCount":503,"commentCount":0,"publisher":{"@id":"https:\/\/somsuport.cat\/es\/#organization"},"image":{"@id":"https:\/\/somsuport.cat\/es\/fomentar-lautonomia-en-persones-amb-discapacitat-intellectual\/#primaryimage"},"thumbnailUrl":"https:\/\/somsuport.cat\/wp-content\/uploads\/2026\/04\/Copia-de-Diseno-sin-titulo.png","articleSection":["Som Suport"],"inLanguage":"es","potentialAction":[{"@type":"CommentAction","name":"Comment","target":["https:\/\/somsuport.cat\/es\/fomentar-lautonomia-en-persones-amb-discapacitat-intellectual\/#respond"]}]},{"@type":"WebPage","@id":"https:\/\/somsuport.cat\/es\/fomentar-lautonomia-en-persones-amb-discapacitat-intellectual\/","url":"https:\/\/somsuport.cat\/es\/fomentar-lautonomia-en-persones-amb-discapacitat-intellectual\/","name":"Fomentar l\u2019autonomia en persones amb discapacitat intel\u00b7lectual - Som Suport Fundaci\u00f3","isPartOf":{"@id":"https:\/\/somsuport.cat\/es\/#website"},"primaryImageOfPage":{"@id":"https:\/\/somsuport.cat\/es\/fomentar-lautonomia-en-persones-amb-discapacitat-intellectual\/#primaryimage"},"image":{"@id":"https:\/\/somsuport.cat\/es\/fomentar-lautonomia-en-persones-amb-discapacitat-intellectual\/#primaryimage"},"thumbnailUrl":"https:\/\/somsuport.cat\/wp-content\/uploads\/2026\/04\/Copia-de-Diseno-sin-titulo.png","datePublished":"2026-04-15T18:05:24+00:00","description":"Fomentar l\u2019autonomia en persones amb discapacitat intel\u00b7lectual amb suports personalitzats i atenci\u00f3 centrada en la persona per millorar la qualitat de vida.","breadcrumb":{"@id":"https:\/\/somsuport.cat\/es\/fomentar-lautonomia-en-persones-amb-discapacitat-intellectual\/#breadcrumb"},"inLanguage":"es","potentialAction":[{"@type":"ReadAction","target":["https:\/\/somsuport.cat\/es\/fomentar-lautonomia-en-persones-amb-discapacitat-intellectual\/"]}]},{"@type":"ImageObject","inLanguage":"es","@id":"https:\/\/somsuport.cat\/es\/fomentar-lautonomia-en-persones-amb-discapacitat-intellectual\/#primaryimage","url":"https:\/\/somsuport.cat\/wp-content\/uploads\/2026\/04\/Copia-de-Diseno-sin-titulo.png","contentUrl":"https:\/\/somsuport.cat\/wp-content\/uploads\/2026\/04\/Copia-de-Diseno-sin-titulo.png","width":1500,"height":1000},{"@type":"BreadcrumbList","@id":"https:\/\/somsuport.cat\/es\/fomentar-lautonomia-en-persones-amb-discapacitat-intellectual\/#breadcrumb","itemListElement":[{"@type":"ListItem","position":1,"name":"Inici","item":"https:\/\/somsuport.cat\/es\/"},{"@type":"ListItem","position":2,"name":"Fomentar l\u2019autonomia en persones amb discapacitat intel\u00b7lectual"}]},{"@type":"WebSite","@id":"https:\/\/somsuport.cat\/es\/#website","url":"https:\/\/somsuport.cat\/es\/","name":"Som Suport Fundaci\u00f3","description":"Donem suport a les persones amb discapacitat intel\u00b7lectual","publisher":{"@id":"https:\/\/somsuport.cat\/es\/#organization"},"potentialAction":[{"@type":"SearchAction","target":{"@type":"EntryPoint","urlTemplate":"https:\/\/somsuport.cat\/es\/?s={search_term_string}"},"query-input":{"@type":"PropertyValueSpecification","valueRequired":true,"valueName":"search_term_string"}}],"inLanguage":"es"},{"@type":"Organization","@id":"https:\/\/somsuport.cat\/es\/#organization","name":"Som Suport Fundaci\u00f3","alternateName":"Som SUport","url":"https:\/\/somsuport.cat\/es\/","logo":{"@type":"ImageObject","inLanguage":"es","@id":"https:\/\/somsuport.cat\/es\/#\/schema\/logo\/image\/","url":"https:\/\/somsuport.cat\/wp-content\/uploads\/2022\/05\/image001.png","contentUrl":"https:\/\/somsuport.cat\/wp-content\/uploads\/2022\/05\/image001.png","width":615,"height":350,"caption":"Som Suport Fundaci\u00f3"},"image":{"@id":"https:\/\/somsuport.cat\/es\/#\/schema\/logo\/image\/"},"sameAs":["https:\/\/www.facebook.com\/somsuportfundacio","https:\/\/www.instagram.com\/somsuportfundacio","https:\/\/www.linkedin.com\/company\/somsuportfundacio"]},{"@type":"Person","@id":"https:\/\/somsuport.cat\/es\/#\/schema\/person\/92f4c784021ca826c576dc61452943b6","name":"Xavier","image":{"@type":"ImageObject","inLanguage":"es","@id":"https:\/\/somsuport.cat\/es\/#\/schema\/person\/image\/","url":"https:\/\/secure.gravatar.com\/avatar\/14dc53c7f12020eedf2bd07e1a8dc5a3b358aadfda30b56b214208d43ee8b79b?s=96&d=mm&r=g","contentUrl":"https:\/\/secure.gravatar.com\/avatar\/14dc53c7f12020eedf2bd07e1a8dc5a3b358aadfda30b56b214208d43ee8b79b?s=96&d=mm&r=g","caption":"Xavier"},"url":"https:\/\/somsuport.cat\/es\/author\/xaviersomsuport\/"}]}},"_links":{"self":[{"href":"https:\/\/somsuport.cat\/es\/wp-json\/wp\/v2\/posts\/223922","targetHints":{"allow":["GET"]}}],"collection":[{"href":"https:\/\/somsuport.cat\/es\/wp-json\/wp\/v2\/posts"}],"about":[{"href":"https:\/\/somsuport.cat\/es\/wp-json\/wp\/v2\/types\/post"}],"author":[{"embeddable":true,"href":"https:\/\/somsuport.cat\/es\/wp-json\/wp\/v2\/users\/2"}],"replies":[{"embeddable":true,"href":"https:\/\/somsuport.cat\/es\/wp-json\/wp\/v2\/comments?post=223922"}],"version-history":[{"count":1,"href":"https:\/\/somsuport.cat\/es\/wp-json\/wp\/v2\/posts\/223922\/revisions"}],"predecessor-version":[{"id":223925,"href":"https:\/\/somsuport.cat\/es\/wp-json\/wp\/v2\/posts\/223922\/revisions\/223925"}],"wp:featuredmedia":[{"embeddable":true,"href":"https:\/\/somsuport.cat\/es\/wp-json\/wp\/v2\/media\/223923"}],"wp:attachment":[{"href":"https:\/\/somsuport.cat\/es\/wp-json\/wp\/v2\/media?parent=223922"}],"wp:term":[{"taxonomy":"category","embeddable":true,"href":"https:\/\/somsuport.cat\/es\/wp-json\/wp\/v2\/categories?post=223922"},{"taxonomy":"post_tag","embeddable":true,"href":"https:\/\/somsuport.cat\/es\/wp-json\/wp\/v2\/tags?post=223922"}],"curies":[{"name":"wp","href":"https:\/\/api.w.org\/{rel}","templated":true}]}}